{"id":2397,"date":"2026-01-22T17:17:49","date_gmt":"2026-01-22T16:17:49","guid":{"rendered":"https:\/\/www.decouvesverte.fr\/?p=2397"},"modified":"2026-01-22T17:17:51","modified_gmt":"2026-01-22T16:17:51","slug":"nouvelle-rando-du-25-janvier-2026","status":"publish","type":"post","link":"https:\/\/www.decouvesverte.fr\/index.php\/2026\/01\/22\/nouvelle-rando-du-25-janvier-2026\/","title":{"rendered":"Nouvelle Rando du 25 janvier 2026"},"content":{"rendered":"\n<p>Bonjour les amis randonneurs et bonne ann\u00e9e de marche ! \ud83c\udf33\ud83e\udd7e \ud83c\udf32 Afin de partager un moment convivial en ce mois de janvier, nous vous donnons rendez-vous pour la rando \u00ab\u00a0galettes\u00a0\u00bb dimanche 25 janvier \u00e0 13h30 sur le parking de la salle des f\u00eates de Fontenai. Pour une bonne organisation (boisson, galettes) donnez-nous vos intentions afin qu&rsquo;il n&rsquo;y ait pas de reste !!! \ud83d\ude09\ud83e\udd23 En attendant de se voir, nous vous envoyons de grosses bises et de bonnes poign\u00e9es de main. <\/p>\n\n\n\n<p>Ghislaine 06 87 43 37 41 Bernard 06 87 28 46 47<\/p>\n\n\n\n<p><\/p>\n\n\n\n<p>Un calendrier 2026 est a venir  et n&rsquo;h\u00e9sitez pas a nous suivre sur la page Facebook de D&rsquo;\u00c9couves Verte.<\/p>\n\n\n\n<figure class=\"wp-block-image size-full\"><img fetchpriority=\"high\" decoding=\"async\" width=\"800\" height=\"800\" src=\"https:\/\/www.decouvesverte.fr\/wp-content\/uploads\/2026\/01\/image.png\" alt=\"\" class=\"wp-image-2398\" srcset=\"https:\/\/www.decouvesverte.fr\/wp-content\/uploads\/2026\/01\/image.png 800w, https:\/\/www.decouvesverte.fr\/wp-content\/uploads\/2026\/01\/image-300x300.png 300w, https:\/\/www.decouvesverte.fr\/wp-content\/uploads\/2026\/01\/image-150x150.png 150w, https:\/\/www.decouvesverte.fr\/wp-content\/uploads\/2026\/01\/image-768x768.png 768w\" sizes=\"(max-width: 800px) 100vw, 800px\" \/><\/figure>\n","protected":false},"excerpt":{"rendered":"<p>Bonjour les amis randonneurs et bonne ann\u00e9e de marche ! \ud83c\udf33\ud83e\udd7e \ud83c\udf32 Afin de partager un moment convivial en ce mois de janvier, nous vous &hellip;<\/p>\n","protected":false},"author":1,"featured_media":0,"comment_status":"open","ping_status":"open","sticky":false,"template":"","format":"standard","meta":{"footnotes":""},"categories":[1],"tags":[],"class_list":["post-2397","post","type-post","status-publish","format-standard","hentry","category-non-classe"],"yoast_head":"<!-- This site is optimized with the Yoast SEO plugin v27.4 - https:\/\/yoast.com\/product\/yoast-seo-wordpress\/ -->\n<title>Nouvelle Rando du 25 janvier 2026 -<\/title>\n<meta name=\"robots\" content=\"index, follow, max-snippet:-1, max-image-preview:large, max-video-preview:-1\" \/>\n<link rel=\"canonical\" href=\"https:\/\/www.decouvesverte.fr\/index.php\/2026\/01\/22\/nouvelle-rando-du-25-janvier-2026\/\" \/>\n<meta property=\"og:locale\" content=\"fr_FR\" \/>\n<meta property=\"og:type\" content=\"article\" \/>\n<meta property=\"og:title\" content=\"Nouvelle Rando du 25 janvier 2026 -\" \/>\n<meta property=\"og:description\" content=\"Bonjour les amis randonneurs et bonne ann\u00e9e de marche ! \ud83c\udf33\ud83e\udd7e \ud83c\udf32 Afin de partager un moment convivial en ce mois de janvier, nous vous &hellip;\" \/>\n<meta property=\"og:url\" content=\"https:\/\/www.decouvesverte.fr\/index.php\/2026\/01\/22\/nouvelle-rando-du-25-janvier-2026\/\" \/>\n<meta property=\"article:published_time\" content=\"2026-01-22T16:17:49+00:00\" \/>\n<meta property=\"article:modified_time\" content=\"2026-01-22T16:17:51+00:00\" \/>\n<meta property=\"og:image\" content=\"https:\/\/www.decouvesverte.fr\/wp-content\/uploads\/2026\/01\/image.png\" \/>\n\t<meta property=\"og:image:width\" content=\"800\" \/>\n\t<meta property=\"og:image:height\" content=\"800\" \/>\n\t<meta property=\"og:image:type\" content=\"image\/png\" \/>\n<meta name=\"author\" content=\"admin5902\" \/>\n<meta name=\"twitter:card\" content=\"summary_large_image\" \/>\n<meta name=\"twitter:label1\" content=\"\u00c9crit par\" \/>\n\t<meta name=\"twitter:data1\" content=\"admin5902\" \/>\n\t<meta name=\"twitter:label2\" content=\"Dur\u00e9e de lecture estim\u00e9e\" \/>\n\t<meta name=\"twitter:data2\" content=\"1 minute\" \/>\n<script type=\"application\/ld+json\" class=\"yoast-schema-graph\">{\"@context\":\"https:\\\/\\\/schema.org\",\"@graph\":[{\"@type\":\"Article\",\"@id\":\"https:\\\/\\\/www.decouvesverte.fr\\\/index.php\\\/2026\\\/01\\\/22\\\/nouvelle-rando-du-25-janvier-2026\\\/#article\",\"isPartOf\":{\"@id\":\"https:\\\/\\\/www.decouvesverte.fr\\\/index.php\\\/2026\\\/01\\\/22\\\/nouvelle-rando-du-25-janvier-2026\\\/\"},\"author\":{\"name\":\"admin5902\",\"@id\":\"https:\\\/\\\/www.decouvesverte.fr\\\/#\\\/schema\\\/person\\\/75d558d1d8618f9f190e2d8f75a88156\"},\"headline\":\"Nouvelle Rando du 25 janvier 2026\",\"datePublished\":\"2026-01-22T16:17:49+00:00\",\"dateModified\":\"2026-01-22T16:17:51+00:00\",\"mainEntityOfPage\":{\"@id\":\"https:\\\/\\\/www.decouvesverte.fr\\\/index.php\\\/2026\\\/01\\\/22\\\/nouvelle-rando-du-25-janvier-2026\\\/\"},\"wordCount\":103,\"commentCount\":0,\"image\":{\"@id\":\"https:\\\/\\\/www.decouvesverte.fr\\\/index.php\\\/2026\\\/01\\\/22\\\/nouvelle-rando-du-25-janvier-2026\\\/#primaryimage\"},\"thumbnailUrl\":\"https:\\\/\\\/www.decouvesverte.fr\\\/wp-content\\\/uploads\\\/2026\\\/01\\\/image.png\",\"articleSection\":[\"emploi\"],\"inLanguage\":\"fr-FR\",\"potentialAction\":[{\"@type\":\"CommentAction\",\"name\":\"Comment\",\"target\":[\"https:\\\/\\\/www.decouvesverte.fr\\\/index.php\\\/2026\\\/01\\\/22\\\/nouvelle-rando-du-25-janvier-2026\\\/#respond\"]}]},{\"@type\":\"WebPage\",\"@id\":\"https:\\\/\\\/www.decouvesverte.fr\\\/index.php\\\/2026\\\/01\\\/22\\\/nouvelle-rando-du-25-janvier-2026\\\/\",\"url\":\"https:\\\/\\\/www.decouvesverte.fr\\\/index.php\\\/2026\\\/01\\\/22\\\/nouvelle-rando-du-25-janvier-2026\\\/\",\"name\":\"Nouvelle Rando du 25 janvier 2026 -\",\"isPartOf\":{\"@id\":\"https:\\\/\\\/www.decouvesverte.fr\\\/#website\"},\"primaryImageOfPage\":{\"@id\":\"https:\\\/\\\/www.decouvesverte.fr\\\/index.php\\\/2026\\\/01\\\/22\\\/nouvelle-rando-du-25-janvier-2026\\\/#primaryimage\"},\"image\":{\"@id\":\"https:\\\/\\\/www.decouvesverte.fr\\\/index.php\\\/2026\\\/01\\\/22\\\/nouvelle-rando-du-25-janvier-2026\\\/#primaryimage\"},\"thumbnailUrl\":\"https:\\\/\\\/www.decouvesverte.fr\\\/wp-content\\\/uploads\\\/2026\\\/01\\\/image.png\",\"datePublished\":\"2026-01-22T16:17:49+00:00\",\"dateModified\":\"2026-01-22T16:17:51+00:00\",\"author\":{\"@id\":\"https:\\\/\\\/www.decouvesverte.fr\\\/#\\\/schema\\\/person\\\/75d558d1d8618f9f190e2d8f75a88156\"},\"breadcrumb\":{\"@id\":\"https:\\\/\\\/www.decouvesverte.fr\\\/index.php\\\/2026\\\/01\\\/22\\\/nouvelle-rando-du-25-janvier-2026\\\/#breadcrumb\"},\"inLanguage\":\"fr-FR\",\"potentialAction\":[{\"@type\":\"ReadAction\",\"target\":[\"https:\\\/\\\/www.decouvesverte.fr\\\/index.php\\\/2026\\\/01\\\/22\\\/nouvelle-rando-du-25-janvier-2026\\\/\"]}]},{\"@type\":\"ImageObject\",\"inLanguage\":\"fr-FR\",\"@id\":\"https:\\\/\\\/www.decouvesverte.fr\\\/index.php\\\/2026\\\/01\\\/22\\\/nouvelle-rando-du-25-janvier-2026\\\/#primaryimage\",\"url\":\"https:\\\/\\\/www.decouvesverte.fr\\\/wp-content\\\/uploads\\\/2026\\\/01\\\/image.png\",\"contentUrl\":\"https:\\\/\\\/www.decouvesverte.fr\\\/wp-content\\\/uploads\\\/2026\\\/01\\\/image.png\",\"width\":800,\"height\":800},{\"@type\":\"BreadcrumbList\",\"@id\":\"https:\\\/\\\/www.decouvesverte.fr\\\/index.php\\\/2026\\\/01\\\/22\\\/nouvelle-rando-du-25-janvier-2026\\\/#breadcrumb\",\"itemListElement\":[{\"@type\":\"ListItem\",\"position\":1,\"name\":\"Accueil\",\"item\":\"https:\\\/\\\/www.decouvesverte.fr\\\/\"},{\"@type\":\"ListItem\",\"position\":2,\"name\":\"Nouvelle Rando du 25 janvier 2026\"}]},{\"@type\":\"WebSite\",\"@id\":\"https:\\\/\\\/www.decouvesverte.fr\\\/#website\",\"url\":\"https:\\\/\\\/www.decouvesverte.fr\\\/\",\"name\":\"\",\"description\":\"On m\u00e9lange rencontres, \u00e9changes et partage !\",\"potentialAction\":[{\"@type\":\"SearchAction\",\"target\":{\"@type\":\"EntryPoint\",\"urlTemplate\":\"https:\\\/\\\/www.decouvesverte.fr\\\/?s={search_term_string}\"},\"query-input\":{\"@type\":\"PropertyValueSpecification\",\"valueRequired\":true,\"valueName\":\"search_term_string\"}}],\"inLanguage\":\"fr-FR\"},{\"@type\":\"Person\",\"@id\":\"https:\\\/\\\/www.decouvesverte.fr\\\/#\\\/schema\\\/person\\\/75d558d1d8618f9f190e2d8f75a88156\",\"name\":\"admin5902\",\"image\":{\"@type\":\"ImageObject\",\"inLanguage\":\"fr-FR\",\"@id\":\"https:\\\/\\\/secure.gravatar.com\\\/avatar\\\/17c0be3223eb601d560ada9d41d029d9d9e221399c886020f7c79c356eac1a9a?s=96&d=mm&r=g\",\"url\":\"https:\\\/\\\/secure.gravatar.com\\\/avatar\\\/17c0be3223eb601d560ada9d41d029d9d9e221399c886020f7c79c356eac1a9a?s=96&d=mm&r=g\",\"contentUrl\":\"https:\\\/\\\/secure.gravatar.com\\\/avatar\\\/17c0be3223eb601d560ada9d41d029d9d9e221399c886020f7c79c356eac1a9a?s=96&d=mm&r=g\",\"caption\":\"admin5902\"},\"sameAs\":[\"https:\\\/\\\/www.decouvesverte.fr\"],\"url\":\"https:\\\/\\\/www.decouvesverte.fr\\\/index.php\\\/author\\\/admin5902\\\/\"}]}<\/script>\n<!-- \/ Yoast SEO plugin. -->","yoast_head_json":{"title":"Nouvelle Rando du 25 janvier 2026 -","robots":{"index":"index","follow":"follow","max-snippet":"max-snippet:-1","max-image-preview":"max-image-preview:large","max-video-preview":"max-video-preview:-1"},"canonical":"https:\/\/www.decouvesverte.fr\/index.php\/2026\/01\/22\/nouvelle-rando-du-25-janvier-2026\/","og_locale":"fr_FR","og_type":"article","og_title":"Nouvelle Rando du 25 janvier 2026 -","og_description":"Bonjour les amis randonneurs et bonne ann\u00e9e de marche ! \ud83c\udf33\ud83e\udd7e \ud83c\udf32 Afin de partager un moment convivial en ce mois de janvier, nous vous &hellip;","og_url":"https:\/\/www.decouvesverte.fr\/index.php\/2026\/01\/22\/nouvelle-rando-du-25-janvier-2026\/","article_published_time":"2026-01-22T16:17:49+00:00","article_modified_time":"2026-01-22T16:17:51+00:00","og_image":[{"width":800,"height":800,"url":"https:\/\/www.decouvesverte.fr\/wp-content\/uploads\/2026\/01\/image.png","type":"image\/png"}],"author":"admin5902","twitter_card":"summary_large_image","twitter_misc":{"\u00c9crit par":"admin5902","Dur\u00e9e de lecture estim\u00e9e":"1 minute"},"schema":{"@context":"https:\/\/schema.org","@graph":[{"@type":"Article","@id":"https:\/\/www.decouvesverte.fr\/index.php\/2026\/01\/22\/nouvelle-rando-du-25-janvier-2026\/#article","isPartOf":{"@id":"https:\/\/www.decouvesverte.fr\/index.php\/2026\/01\/22\/nouvelle-rando-du-25-janvier-2026\/"},"author":{"name":"admin5902","@id":"https:\/\/www.decouvesverte.fr\/#\/schema\/person\/75d558d1d8618f9f190e2d8f75a88156"},"headline":"Nouvelle Rando du 25 janvier 2026","datePublished":"2026-01-22T16:17:49+00:00","dateModified":"2026-01-22T16:17:51+00:00","mainEntityOfPage":{"@id":"https:\/\/www.decouvesverte.fr\/index.php\/2026\/01\/22\/nouvelle-rando-du-25-janvier-2026\/"},"wordCount":103,"commentCount":0,"image":{"@id":"https:\/\/www.decouvesverte.fr\/index.php\/2026\/01\/22\/nouvelle-rando-du-25-janvier-2026\/#primaryimage"},"thumbnailUrl":"https:\/\/www.decouvesverte.fr\/wp-content\/uploads\/2026\/01\/image.png","articleSection":["emploi"],"inLanguage":"fr-FR","potentialAction":[{"@type":"CommentAction","name":"Comment","target":["https:\/\/www.decouvesverte.fr\/index.php\/2026\/01\/22\/nouvelle-rando-du-25-janvier-2026\/#respond"]}]},{"@type":"WebPage","@id":"https:\/\/www.decouvesverte.fr\/index.php\/2026\/01\/22\/nouvelle-rando-du-25-janvier-2026\/","url":"https:\/\/www.decouvesverte.fr\/index.php\/2026\/01\/22\/nouvelle-rando-du-25-janvier-2026\/","name":"Nouvelle Rando du 25 janvier 2026 -","isPartOf":{"@id":"https:\/\/www.decouvesverte.fr\/#website"},"primaryImageOfPage":{"@id":"https:\/\/www.decouvesverte.fr\/index.php\/2026\/01\/22\/nouvelle-rando-du-25-janvier-2026\/#primaryimage"},"image":{"@id":"https:\/\/www.decouvesverte.fr\/index.php\/2026\/01\/22\/nouvelle-rando-du-25-janvier-2026\/#primaryimage"},"thumbnailUrl":"https:\/\/www.decouvesverte.fr\/wp-content\/uploads\/2026\/01\/image.png","datePublished":"2026-01-22T16:17:49+00:00","dateModified":"2026-01-22T16:17:51+00:00","author":{"@id":"https:\/\/www.decouvesverte.fr\/#\/schema\/person\/75d558d1d8618f9f190e2d8f75a88156"},"breadcrumb":{"@id":"https:\/\/www.decouvesverte.fr\/index.php\/2026\/01\/22\/nouvelle-rando-du-25-janvier-2026\/#breadcrumb"},"inLanguage":"fr-FR","potentialAction":[{"@type":"ReadAction","target":["https:\/\/www.decouvesverte.fr\/index.php\/2026\/01\/22\/nouvelle-rando-du-25-janvier-2026\/"]}]},{"@type":"ImageObject","inLanguage":"fr-FR","@id":"https:\/\/www.decouvesverte.fr\/index.php\/2026\/01\/22\/nouvelle-rando-du-25-janvier-2026\/#primaryimage","url":"https:\/\/www.decouvesverte.fr\/wp-content\/uploads\/2026\/01\/image.png","contentUrl":"https:\/\/www.decouvesverte.fr\/wp-content\/uploads\/2026\/01\/image.png","width":800,"height":800},{"@type":"BreadcrumbList","@id":"https:\/\/www.decouvesverte.fr\/index.php\/2026\/01\/22\/nouvelle-rando-du-25-janvier-2026\/#breadcrumb","itemListElement":[{"@type":"ListItem","position":1,"name":"Accueil","item":"https:\/\/www.decouvesverte.fr\/"},{"@type":"ListItem","position":2,"name":"Nouvelle Rando du 25 janvier 2026"}]},{"@type":"WebSite","@id":"https:\/\/www.decouvesverte.fr\/#website","url":"https:\/\/www.decouvesverte.fr\/","name":"","description":"On m\u00e9lange rencontres, \u00e9changes et partage !","potentialAction":[{"@type":"SearchAction","target":{"@type":"EntryPoint","urlTemplate":"https:\/\/www.decouvesverte.fr\/?s={search_term_string}"},"query-input":{"@type":"PropertyValueSpecification","valueRequired":true,"valueName":"search_term_string"}}],"inLanguage":"fr-FR"},{"@type":"Person","@id":"https:\/\/www.decouvesverte.fr\/#\/schema\/person\/75d558d1d8618f9f190e2d8f75a88156","name":"admin5902","image":{"@type":"ImageObject","inLanguage":"fr-FR","@id":"https:\/\/secure.gravatar.com\/avatar\/17c0be3223eb601d560ada9d41d029d9d9e221399c886020f7c79c356eac1a9a?s=96&d=mm&r=g","url":"https:\/\/secure.gravatar.com\/avatar\/17c0be3223eb601d560ada9d41d029d9d9e221399c886020f7c79c356eac1a9a?s=96&d=mm&r=g","contentUrl":"https:\/\/secure.gravatar.com\/avatar\/17c0be3223eb601d560ada9d41d029d9d9e221399c886020f7c79c356eac1a9a?s=96&d=mm&r=g","caption":"admin5902"},"sameAs":["https:\/\/www.decouvesverte.fr"],"url":"https:\/\/www.decouvesverte.fr\/index.php\/author\/admin5902\/"}]}},"_links":{"self":[{"href":"https:\/\/www.decouvesverte.fr\/index.php\/wp-json\/wp\/v2\/posts\/2397","targetHints":{"allow":["GET"]}}],"collection":[{"href":"https:\/\/www.decouvesverte.fr\/index.php\/wp-json\/wp\/v2\/posts"}],"about":[{"href":"https:\/\/www.decouvesverte.fr\/index.php\/wp-json\/wp\/v2\/types\/post"}],"author":[{"embeddable":true,"href":"https:\/\/www.decouvesverte.fr\/index.php\/wp-json\/wp\/v2\/users\/1"}],"replies":[{"embeddable":true,"href":"https:\/\/www.decouvesverte.fr\/index.php\/wp-json\/wp\/v2\/comments?post=2397"}],"version-history":[{"count":1,"href":"https:\/\/www.decouvesverte.fr\/index.php\/wp-json\/wp\/v2\/posts\/2397\/revisions"}],"predecessor-version":[{"id":2399,"href":"https:\/\/www.decouvesverte.fr\/index.php\/wp-json\/wp\/v2\/posts\/2397\/revisions\/2399"}],"wp:attachment":[{"href":"https:\/\/www.decouvesverte.fr\/index.php\/wp-json\/wp\/v2\/media?parent=2397"}],"wp:term":[{"taxonomy":"category","embeddable":true,"href":"https:\/\/www.decouvesverte.fr\/index.php\/wp-json\/wp\/v2\/categories?post=2397"},{"taxonomy":"post_tag","embeddable":true,"href":"https:\/\/www.decouvesverte.fr\/index.php\/wp-json\/wp\/v2\/tags?post=2397"}],"curies":[{"name":"wp","href":"https:\/\/api.w.org\/{rel}","templated":true}]}}